{"id":828,"date":"2023-09-10T12:30:31","date_gmt":"2023-09-10T10:30:31","guid":{"rendered":"https:\/\/dylan.carvajal.es\/?p=828"},"modified":"2024-01-15T22:29:10","modified_gmt":"2024-01-15T20:29:10","slug":"mini-proyecto-apple-arkit","status":"publish","type":"post","link":"https:\/\/dylan.carvajal.es\/?p=828","title":{"rendered":"Mini-Proyecto: Apple ARKit"},"content":{"rendered":"\n<figure class=\"wp-block-image size-large\"><a href=\"http:\/\/dylan.carvajal.es\/wp-content\/uploads\/2023\/09\/Captura-de-pantalla-2023-09-09-a-las-12.20.01.png\"><img loading=\"lazy\" decoding=\"async\" width=\"1024\" height=\"640\" src=\"http:\/\/dylan.carvajal.es\/wp-content\/uploads\/2023\/09\/Captura-de-pantalla-2023-09-09-a-las-12.20.01-1024x640.png\" alt=\"Captura de pantalla con un XCode abierto.\" class=\"wp-image-827\" srcset=\"https:\/\/dylan.carvajal.es\/wp-content\/uploads\/2023\/09\/Captura-de-pantalla-2023-09-09-a-las-12.20.01-1024x640.png 1024w, https:\/\/dylan.carvajal.es\/wp-content\/uploads\/2023\/09\/Captura-de-pantalla-2023-09-09-a-las-12.20.01-300x188.png 300w, https:\/\/dylan.carvajal.es\/wp-content\/uploads\/2023\/09\/Captura-de-pantalla-2023-09-09-a-las-12.20.01-768x480.png 768w, https:\/\/dylan.carvajal.es\/wp-content\/uploads\/2023\/09\/Captura-de-pantalla-2023-09-09-a-las-12.20.01-1536x960.png 1536w, https:\/\/dylan.carvajal.es\/wp-content\/uploads\/2023\/09\/Captura-de-pantalla-2023-09-09-a-las-12.20.01-2048x1280.png 2048w\" sizes=\"auto, (max-width: 1024px) 100vw, 1024px\" \/><\/a><\/figure>\n\n\n\n<p>La <strong>realidad aumentada<\/strong> es una tecnolog\u00eda que ha revolucionado la forma en que interactuamos con el mundo digital y f\u00edsico en la actualidad. Esta innovadora tecnolog\u00eda combina elementos del mundo real con objetos virtuales generados por ordenador, creando una experiencia inmersiva \u00fanica para los usuarios. Desde su aparici\u00f3n en la escena tecnol\u00f3gica, la realidad aumentada ha tenido un impacto significativo en diversas industrias y aspectos de la vida cotidiana.<\/p>\n\n\n\n<p>Por eso mismo, me he propuesto aprender un poco acerca de estas tecnolog\u00edas, acerc\u00e1ndome a trav\u00e9s del <strong><a href=\"https:\/\/developer.apple.com\/augmented-reality\/arkit\/\">ARKit<\/a> <\/strong>de Apple.<\/p>\n\n\n\n<p>ARKit combina el seguimiento del movimiento del dispositivo y del mundo que rodea al usuario, la comprensi\u00f3n de la escena y las comodidades de visualizaci\u00f3n para simplificar la creaci\u00f3n de una experiencia de realidad aumentada. Combinando este framework con <strong><a href=\"https:\/\/developer.apple.com\/xcode\/\">XCode<\/a> <\/strong>he sido capaz de crear una peque\u00f1a habitaci\u00f3n en realidad aumentada.<\/p>\n\n\n\n<p>Lo cierto es que no podr\u00eda haber realizado este peque\u00f1o proyecto sin este curso <a href=\"http:\/\/Certificado del curso: https:\/\/www.udemy.com\/certificate\/UC-975087ba-55b3-4740-afc2-a642c720917f\/?utm_campaign=email&amp;utm_source=sendgrid.com&amp;utm_medium=email\">certificado <\/a>de Udemy: \u00ab<a href=\"https:\/\/www.udemy.com\/course\/arkit-portal-learn-how-to-create-a-portal-using-arkit\/\"><em>Augmented Reality Portal using Apple ARKit framework for AR<\/em><\/a>\u00ab, a trav\u00e9s del cual he sido capaz de realizar un primer contacto con estas tecnolog\u00edas.<\/p>\n\n\n\n<p>Me ha parecido una buena experiencia el poder crear esta peque\u00f1a aplicaci\u00f3n para conocer mejor este tipo de frameworks y espero tener la oportunidad de poder volver a trabajar con \u00e9l en el futuro.<\/p>\n\n\n\n<figure class=\"wp-block-gallery has-nested-images columns-default is-cropped wp-block-gallery-1 is-layout-flex wp-block-gallery-is-layout-flex\">\n<figure class=\"wp-block-image size-large\"><img loading=\"lazy\" decoding=\"async\" width=\"576\" height=\"1024\" data-id=\"830\" src=\"https:\/\/dylan.carvajal.es\/wp-content\/uploads\/2023\/09\/IMG_0001-576x1024.png\" alt=\"Pantalla de aplicaciones de IPhone con la app ARPortal.\" class=\"wp-image-830\" srcset=\"https:\/\/dylan.carvajal.es\/wp-content\/uploads\/2023\/09\/IMG_0001-576x1024.png 576w, https:\/\/dylan.carvajal.es\/wp-content\/uploads\/2023\/09\/IMG_0001-169x300.png 169w, https:\/\/dylan.carvajal.es\/wp-content\/uploads\/2023\/09\/IMG_0001.png 750w\" sizes=\"auto, (max-width: 576px) 100vw, 576px\" \/><\/figure>\n\n\n\n<figure class=\"wp-block-image size-large\"><img loading=\"lazy\" decoding=\"async\" width=\"576\" height=\"1024\" data-id=\"832\" src=\"https:\/\/dylan.carvajal.es\/wp-content\/uploads\/2023\/09\/IMG_0003-576x1024.png\" alt=\"Imagen del modelo 3D del proyecto, proyectado usando RA.\" class=\"wp-image-832\" srcset=\"https:\/\/dylan.carvajal.es\/wp-content\/uploads\/2023\/09\/IMG_0003-576x1024.png 576w, https:\/\/dylan.carvajal.es\/wp-content\/uploads\/2023\/09\/IMG_0003-169x300.png 169w, https:\/\/dylan.carvajal.es\/wp-content\/uploads\/2023\/09\/IMG_0003.png 750w\" sizes=\"auto, (max-width: 576px) 100vw, 576px\" \/><\/figure>\n<\/figure>\n","protected":false},"excerpt":{"rendered":"<p>La realidad aumentada es una tecnolog\u00eda que ha revolucionado la forma en que interactuamos con el mundo digital y f\u00edsico en la actualidad. Esta innovadora tecnolog\u00eda combina elementos del mundo real con objetos virtuales generados por ordenador, creando una experiencia inmersiva \u00fanica para los usuarios. Desde su aparici\u00f3n en la escena tecnol\u00f3gica, la realidad aumentada [&hellip;]<\/p>\n","protected":false},"author":2,"featured_media":827,"comment_status":"closed","ping_status":"closed","sticky":false,"template":"","format":"standard","meta":{"arc_restricted_post":false,"_eb_attr":"","footnotes":""},"categories":[68],"tags":[84,83,85],"class_list":["post-828","post","type-post","status-publish","format-standard","has-post-thumbnail","hentry","category-proyectos","tag-apple","tag-realidad-aumentada","tag-xcode"],"_links":{"self":[{"href":"https:\/\/dylan.carvajal.es\/index.php?rest_route=\/wp\/v2\/posts\/828","targetHints":{"allow":["GET"]}}],"collection":[{"href":"https:\/\/dylan.carvajal.es\/index.php?rest_route=\/wp\/v2\/posts"}],"about":[{"href":"https:\/\/dylan.carvajal.es\/index.php?rest_route=\/wp\/v2\/types\/post"}],"author":[{"embeddable":true,"href":"https:\/\/dylan.carvajal.es\/index.php?rest_route=\/wp\/v2\/users\/2"}],"replies":[{"embeddable":true,"href":"https:\/\/dylan.carvajal.es\/index.php?rest_route=%2Fwp%2Fv2%2Fcomments&post=828"}],"version-history":[{"count":6,"href":"https:\/\/dylan.carvajal.es\/index.php?rest_route=\/wp\/v2\/posts\/828\/revisions"}],"predecessor-version":[{"id":900,"href":"https:\/\/dylan.carvajal.es\/index.php?rest_route=\/wp\/v2\/posts\/828\/revisions\/900"}],"wp:featuredmedia":[{"embeddable":true,"href":"https:\/\/dylan.carvajal.es\/index.php?rest_route=\/wp\/v2\/media\/827"}],"wp:attachment":[{"href":"https:\/\/dylan.carvajal.es\/index.php?rest_route=%2Fwp%2Fv2%2Fmedia&parent=828"}],"wp:term":[{"taxonomy":"category","embeddable":true,"href":"https:\/\/dylan.carvajal.es\/index.php?rest_route=%2Fwp%2Fv2%2Fcategories&post=828"},{"taxonomy":"post_tag","embeddable":true,"href":"https:\/\/dylan.carvajal.es\/index.php?rest_route=%2Fwp%2Fv2%2Ftags&post=828"}],"curies":[{"name":"wp","href":"https:\/\/api.w.org\/{rel}","templated":true}]}}